{"id":441,"date":"2023-06-01T16:24:46","date_gmt":"2023-06-01T19:24:46","guid":{"rendered":"https:\/\/redealis.com.br\/?p=441"},"modified":"2023-06-01T16:24:46","modified_gmt":"2023-06-01T19:24:46","slug":"o-que-trata-e-os-profissionais-especificos-dessa-area-da-alergologia","status":"publish","type":"post","link":"https:\/\/redealis.com.br\/integralis\/o-que-trata-e-os-profissionais-especificos-dessa-area-da-alergologia\/","title":{"rendered":"O que trata e os profissionais espec\u00edficos dessa \u00e1rea da alergologia."},"content":{"rendered":"<p>Segundo Maria de F\u00e1tima, existem certos procedimentos que s\u00e3o uma pr\u00e1tica exclusiva do alergologista. As doen\u00e7as al\u00e9rgicas s\u00e3o, na maioria das vezes, de origem gen\u00e9tica e \u00e9 dever desse especialista fazer o acompanhamento de pessoas que tenham o pai e a m\u00e3e com problemas al\u00e9rgicos. &#8220;A preven\u00e7\u00e3o \u00e9 feita atrav\u00e9s de medicamentos e modula\u00e7\u00e3o do sistema imunol\u00f3gico do paciente por meio de imunoterapia, um tratamento com vacinas&#8221;, diz.<\/p>\n<p>Certamente voc\u00ea conhece alguma pessoa que tenha alergia. Seja ela respirat\u00f3ria ou de pele, associada a poeira, alimentos, medicamentos, insetos, derivados do l\u00e1tex ou qualquer outro al\u00e9rgeno presente no meio ambiente. Independentemente da causa, essa rea\u00e7\u00e3o comum a todos os casos nada mais \u00e9 do que uma hipersensibilidade &#8211; uma resposta exagerada &#8211; do organismo a subst\u00e2ncias consideradas estranhas por ele. O que boa parte da popula\u00e7\u00e3o desconhece \u00e9 a exist\u00eancia de um m\u00e9dico especializado na descoberta e tratamento desses quadros al\u00e9rgicos: o alergologista.<\/p>\n<p>\u00c9 por isso que o dermatologista e o pneumologista s\u00e3o os primeiros m\u00e9dicos a serem procurados por quem desenvolve uma coceira ou vermelhid\u00e3o na pele ou come\u00e7a a sofrer de rinite al\u00e9rgica, por exemplo. Mas isso n\u00e3o deveria ocorrer. Segundo a especialista em alergologia, Maria de F\u00e1tima Marcelos Fernandes, diretora da Associa\u00e7\u00e3o Brasileira de Alergologia e Imunopatologia (ASBAI), esses profissionais n\u00e3o s\u00e3o habilitados para tratar doen\u00e7as de origem al\u00e9rgica. &#8220;Embora possam ajudar a diagnosticar esse tipo de enfermidade e trabalhar em conjunto para solucion\u00e1-la, em caso de suspeita de alergia, eles deveriam encaminhar o paciente ao alergologista. Este, por sua vez, ir\u00e1 realizar exames espec\u00edficos para descobrir a causa do problema al\u00e9rgico e os agentes capazes de desencadear as crises, para s\u00f3 ent\u00e3o providenciar o tratamento&#8221;, explica a m\u00e9dica.<\/p>\n<p>Mas n\u00e3o \u00e9 s\u00f3. Ele atua tamb\u00e9m no tratamento das crises, mediante a prescri\u00e7\u00e3o de rem\u00e9dios para evitar que o processo inflamat\u00f3rio continue ou para diminuir os sintomas mais graves, como uma falta de ar, por exemplo.<\/p>\n","protected":false},"excerpt":{"rendered":"<p>Em virtude da grande procura, iniciamos mais cedo os agendamentos para o evento Inverno sem Alergia, no Shopping Difusora\/Caruaru.<\/p>\n","protected":false},"author":1,"featured_media":0,"comment_status":"open","ping_status":"open","sticky":false,"template":"","format":"standard","meta":{"_acf_changed":false,"footnotes":""},"categories":[1],"tags":[],"class_list":["post-441","post","type-post","status-publish","format-standard","hentry","category-sem-categoria"],"acf":[],"yoast_head":"<!-- This site is optimized with the Yoast SEO plugin v27.3 - https:\/\/yoast.com\/product\/yoast-seo-wordpress\/ -->\n<title>O que trata e os profissionais espec\u00edficos dessa \u00e1rea da alergologia. | Integr\u00e1lis<\/title>\n<meta name=\"robots\" content=\"index, follow, max-snippet:-1, max-image-preview:large, max-video-preview:-1\" \/>\n<link rel=\"canonical\" href=\"https:\/\/redealis.com.br\/integralis\/o-que-trata-e-os-profissionais-especificos-dessa-area-da-alergologia\/\" \/>\n<meta property=\"og:locale\" content=\"pt_BR\" \/>\n<meta property=\"og:type\" content=\"article\" \/>\n<meta property=\"og:title\" content=\"O que trata e os profissionais espec\u00edficos dessa \u00e1rea da alergologia. | Integr\u00e1lis\" \/>\n<meta property=\"og:description\" content=\"Em virtude da grande procura, iniciamos mais cedo os agendamentos para o evento Inverno sem Alergia, no Shopping Difusora\/Caruaru.\" \/>\n<meta property=\"og:url\" content=\"https:\/\/redealis.com.br\/integralis\/o-que-trata-e-os-profissionais-especificos-dessa-area-da-alergologia\/\" \/>\n<meta property=\"og:site_name\" content=\"Integr\u00e1lis\" \/>\n<meta property=\"article:publisher\" content=\"https:\/\/www.facebook.com\/integralisbrasil\" \/>\n<meta property=\"article:published_time\" content=\"2023-06-01T19:24:46+00:00\" \/>\n<meta property=\"og:image\" content=\"https:\/\/redealis.com.br\/integralis\/wp-content\/uploads\/sites\/3\/2023\/08\/logo-integralis-260x64-1.jpg\" \/>\n\t<meta property=\"og:image:width\" content=\"1200\" \/>\n\t<meta property=\"og:image:height\" content=\"675\" \/>\n\t<meta property=\"og:image:type\" content=\"image\/jpeg\" \/>\n<meta name=\"author\" content=\"iwwa\" \/>\n<meta name=\"twitter:card\" content=\"summary_large_image\" \/>\n<meta name=\"twitter:label1\" content=\"Escrito por\" \/>\n\t<meta name=\"twitter:data1\" content=\"iwwa\" \/>\n\t<meta name=\"twitter:label2\" content=\"Est. tempo de leitura\" \/>\n\t<meta name=\"twitter:data2\" content=\"2 minutos\" \/>\n<script type=\"application\/ld+json\" class=\"yoast-schema-graph\">{\"@context\":\"https:\\\/\\\/schema.org\",\"@graph\":[{\"@type\":\"Article\",\"@id\":\"https:\\\/\\\/redealis.com.br\\\/integralis\\\/o-que-trata-e-os-profissionais-especificos-dessa-area-da-alergologia\\\/#article\",\"isPartOf\":{\"@id\":\"https:\\\/\\\/redealis.com.br\\\/integralis\\\/o-que-trata-e-os-profissionais-especificos-dessa-area-da-alergologia\\\/\"},\"author\":{\"name\":\"iwwa\",\"@id\":\"https:\\\/\\\/redealis.com.br\\\/integralis\\\/#\\\/schema\\\/person\\\/e5f6dbc6e0a99de214eaabb481b1da8f\"},\"headline\":\"O que trata e os profissionais espec\u00edficos dessa \u00e1rea da alergologia.\",\"datePublished\":\"2023-06-01T19:24:46+00:00\",\"mainEntityOfPage\":{\"@id\":\"https:\\\/\\\/redealis.com.br\\\/integralis\\\/o-que-trata-e-os-profissionais-especificos-dessa-area-da-alergologia\\\/\"},\"wordCount\":368,\"commentCount\":0,\"publisher\":{\"@id\":\"https:\\\/\\\/redealis.com.br\\\/integralis\\\/#organization\"},\"inLanguage\":\"pt-BR\"},{\"@type\":\"WebPage\",\"@id\":\"https:\\\/\\\/redealis.com.br\\\/integralis\\\/o-que-trata-e-os-profissionais-especificos-dessa-area-da-alergologia\\\/\",\"url\":\"https:\\\/\\\/redealis.com.br\\\/integralis\\\/o-que-trata-e-os-profissionais-especificos-dessa-area-da-alergologia\\\/\",\"name\":\"O que trata e os profissionais espec\u00edficos dessa \u00e1rea da alergologia. | Integr\u00e1lis\",\"isPartOf\":{\"@id\":\"https:\\\/\\\/redealis.com.br\\\/integralis\\\/#website\"},\"datePublished\":\"2023-06-01T19:24:46+00:00\",\"breadcrumb\":{\"@id\":\"https:\\\/\\\/redealis.com.br\\\/integralis\\\/o-que-trata-e-os-profissionais-especificos-dessa-area-da-alergologia\\\/#breadcrumb\"},\"inLanguage\":\"pt-BR\",\"potentialAction\":[{\"@type\":\"ReadAction\",\"target\":[\"https:\\\/\\\/redealis.com.br\\\/integralis\\\/o-que-trata-e-os-profissionais-especificos-dessa-area-da-alergologia\\\/\"]}]},{\"@type\":\"BreadcrumbList\",\"@id\":\"https:\\\/\\\/redealis.com.br\\\/integralis\\\/o-que-trata-e-os-profissionais-especificos-dessa-area-da-alergologia\\\/#breadcrumb\",\"itemListElement\":[{\"@type\":\"ListItem\",\"position\":1,\"name\":\"home\",\"item\":\"https:\\\/\\\/redealis.com.br\\\/integralis\\\/\"},{\"@type\":\"ListItem\",\"position\":2,\"name\":\"O que trata e os profissionais espec\u00edficos dessa \u00e1rea da alergologia.\"}]},{\"@type\":\"WebSite\",\"@id\":\"https:\\\/\\\/redealis.com.br\\\/integralis\\\/#website\",\"url\":\"https:\\\/\\\/redealis.com.br\\\/integralis\\\/\",\"name\":\"Integr\u00e1lis\",\"description\":\"\",\"publisher\":{\"@id\":\"https:\\\/\\\/redealis.com.br\\\/integralis\\\/#organization\"},\"alternateName\":\"Integr\u00e1lis\",\"potentialAction\":[{\"@type\":\"SearchAction\",\"target\":{\"@type\":\"EntryPoint\",\"urlTemplate\":\"https:\\\/\\\/redealis.com.br\\\/integralis\\\/?s={search_term_string}\"},\"query-input\":{\"@type\":\"PropertyValueSpecification\",\"valueRequired\":true,\"valueName\":\"search_term_string\"}}],\"inLanguage\":\"pt-BR\"},{\"@type\":\"Organization\",\"@id\":\"https:\\\/\\\/redealis.com.br\\\/integralis\\\/#organization\",\"name\":\"Integr\u00e1lis - Rede \u00c1lis\",\"alternateName\":\"Integr\u00e1lis\",\"url\":\"https:\\\/\\\/redealis.com.br\\\/integralis\\\/\",\"logo\":{\"@type\":\"ImageObject\",\"inLanguage\":\"pt-BR\",\"@id\":\"https:\\\/\\\/redealis.com.br\\\/integralis\\\/#\\\/schema\\\/logo\\\/image\\\/\",\"url\":\"https:\\\/\\\/redealis.com.br\\\/integralis\\\/wp-content\\\/uploads\\\/sites\\\/3\\\/2023\\\/08\\\/layout-logo-alt-1-1.png\",\"contentUrl\":\"https:\\\/\\\/redealis.com.br\\\/integralis\\\/wp-content\\\/uploads\\\/sites\\\/3\\\/2023\\\/08\\\/layout-logo-alt-1-1.png\",\"width\":696,\"height\":696,\"caption\":\"Integr\u00e1lis - Rede \u00c1lis\"},\"image\":{\"@id\":\"https:\\\/\\\/redealis.com.br\\\/integralis\\\/#\\\/schema\\\/logo\\\/image\\\/\"},\"sameAs\":[\"https:\\\/\\\/www.facebook.com\\\/integralisbrasil\",\"https:\\\/\\\/www.instagram.com\\\/integralisbrasil\"]},{\"@type\":\"Person\",\"@id\":\"https:\\\/\\\/redealis.com.br\\\/integralis\\\/#\\\/schema\\\/person\\\/e5f6dbc6e0a99de214eaabb481b1da8f\",\"name\":\"iwwa\",\"image\":{\"@type\":\"ImageObject\",\"inLanguage\":\"pt-BR\",\"@id\":\"https:\\\/\\\/secure.gravatar.com\\\/avatar\\\/c7965a00b6d3c9a6052c9f7473a27e74cfbed0a92e0be480e1128ad5b32e6a69?s=96&d=mm&r=g\",\"url\":\"https:\\\/\\\/secure.gravatar.com\\\/avatar\\\/c7965a00b6d3c9a6052c9f7473a27e74cfbed0a92e0be480e1128ad5b32e6a69?s=96&d=mm&r=g\",\"contentUrl\":\"https:\\\/\\\/secure.gravatar.com\\\/avatar\\\/c7965a00b6d3c9a6052c9f7473a27e74cfbed0a92e0be480e1128ad5b32e6a69?s=96&d=mm&r=g\",\"caption\":\"iwwa\"},\"sameAs\":[\"https:\\\/\\\/redealis.com.br\"]}]}<\/script>\n<!-- \/ Yoast SEO plugin. -->","yoast_head_json":{"title":"O que trata e os profissionais espec\u00edficos dessa \u00e1rea da alergologia. | Integr\u00e1lis","robots":{"index":"index","follow":"follow","max-snippet":"max-snippet:-1","max-image-preview":"max-image-preview:large","max-video-preview":"max-video-preview:-1"},"canonical":"https:\/\/redealis.com.br\/integralis\/o-que-trata-e-os-profissionais-especificos-dessa-area-da-alergologia\/","og_locale":"pt_BR","og_type":"article","og_title":"O que trata e os profissionais espec\u00edficos dessa \u00e1rea da alergologia. | Integr\u00e1lis","og_description":"Em virtude da grande procura, iniciamos mais cedo os agendamentos para o evento Inverno sem Alergia, no Shopping Difusora\/Caruaru.","og_url":"https:\/\/redealis.com.br\/integralis\/o-que-trata-e-os-profissionais-especificos-dessa-area-da-alergologia\/","og_site_name":"Integr\u00e1lis","article_publisher":"https:\/\/www.facebook.com\/integralisbrasil","article_published_time":"2023-06-01T19:24:46+00:00","og_image":[{"width":1200,"height":675,"url":"https:\/\/redealis.com.br\/integralis\/wp-content\/uploads\/sites\/3\/2023\/08\/logo-integralis-260x64-1.jpg","type":"image\/jpeg"}],"author":"iwwa","twitter_card":"summary_large_image","twitter_misc":{"Escrito por":"iwwa","Est. tempo de leitura":"2 minutos"},"schema":{"@context":"https:\/\/schema.org","@graph":[{"@type":"Article","@id":"https:\/\/redealis.com.br\/integralis\/o-que-trata-e-os-profissionais-especificos-dessa-area-da-alergologia\/#article","isPartOf":{"@id":"https:\/\/redealis.com.br\/integralis\/o-que-trata-e-os-profissionais-especificos-dessa-area-da-alergologia\/"},"author":{"name":"iwwa","@id":"https:\/\/redealis.com.br\/integralis\/#\/schema\/person\/e5f6dbc6e0a99de214eaabb481b1da8f"},"headline":"O que trata e os profissionais espec\u00edficos dessa \u00e1rea da alergologia.","datePublished":"2023-06-01T19:24:46+00:00","mainEntityOfPage":{"@id":"https:\/\/redealis.com.br\/integralis\/o-que-trata-e-os-profissionais-especificos-dessa-area-da-alergologia\/"},"wordCount":368,"commentCount":0,"publisher":{"@id":"https:\/\/redealis.com.br\/integralis\/#organization"},"inLanguage":"pt-BR"},{"@type":"WebPage","@id":"https:\/\/redealis.com.br\/integralis\/o-que-trata-e-os-profissionais-especificos-dessa-area-da-alergologia\/","url":"https:\/\/redealis.com.br\/integralis\/o-que-trata-e-os-profissionais-especificos-dessa-area-da-alergologia\/","name":"O que trata e os profissionais espec\u00edficos dessa \u00e1rea da alergologia. | Integr\u00e1lis","isPartOf":{"@id":"https:\/\/redealis.com.br\/integralis\/#website"},"datePublished":"2023-06-01T19:24:46+00:00","breadcrumb":{"@id":"https:\/\/redealis.com.br\/integralis\/o-que-trata-e-os-profissionais-especificos-dessa-area-da-alergologia\/#breadcrumb"},"inLanguage":"pt-BR","potentialAction":[{"@type":"ReadAction","target":["https:\/\/redealis.com.br\/integralis\/o-que-trata-e-os-profissionais-especificos-dessa-area-da-alergologia\/"]}]},{"@type":"BreadcrumbList","@id":"https:\/\/redealis.com.br\/integralis\/o-que-trata-e-os-profissionais-especificos-dessa-area-da-alergologia\/#breadcrumb","itemListElement":[{"@type":"ListItem","position":1,"name":"home","item":"https:\/\/redealis.com.br\/integralis\/"},{"@type":"ListItem","position":2,"name":"O que trata e os profissionais espec\u00edficos dessa \u00e1rea da alergologia."}]},{"@type":"WebSite","@id":"https:\/\/redealis.com.br\/integralis\/#website","url":"https:\/\/redealis.com.br\/integralis\/","name":"Integr\u00e1lis","description":"","publisher":{"@id":"https:\/\/redealis.com.br\/integralis\/#organization"},"alternateName":"Integr\u00e1lis","potentialAction":[{"@type":"SearchAction","target":{"@type":"EntryPoint","urlTemplate":"https:\/\/redealis.com.br\/integralis\/?s={search_term_string}"},"query-input":{"@type":"PropertyValueSpecification","valueRequired":true,"valueName":"search_term_string"}}],"inLanguage":"pt-BR"},{"@type":"Organization","@id":"https:\/\/redealis.com.br\/integralis\/#organization","name":"Integr\u00e1lis - Rede \u00c1lis","alternateName":"Integr\u00e1lis","url":"https:\/\/redealis.com.br\/integralis\/","logo":{"@type":"ImageObject","inLanguage":"pt-BR","@id":"https:\/\/redealis.com.br\/integralis\/#\/schema\/logo\/image\/","url":"https:\/\/redealis.com.br\/integralis\/wp-content\/uploads\/sites\/3\/2023\/08\/layout-logo-alt-1-1.png","contentUrl":"https:\/\/redealis.com.br\/integralis\/wp-content\/uploads\/sites\/3\/2023\/08\/layout-logo-alt-1-1.png","width":696,"height":696,"caption":"Integr\u00e1lis - Rede \u00c1lis"},"image":{"@id":"https:\/\/redealis.com.br\/integralis\/#\/schema\/logo\/image\/"},"sameAs":["https:\/\/www.facebook.com\/integralisbrasil","https:\/\/www.instagram.com\/integralisbrasil"]},{"@type":"Person","@id":"https:\/\/redealis.com.br\/integralis\/#\/schema\/person\/e5f6dbc6e0a99de214eaabb481b1da8f","name":"iwwa","image":{"@type":"ImageObject","inLanguage":"pt-BR","@id":"https:\/\/secure.gravatar.com\/avatar\/c7965a00b6d3c9a6052c9f7473a27e74cfbed0a92e0be480e1128ad5b32e6a69?s=96&d=mm&r=g","url":"https:\/\/secure.gravatar.com\/avatar\/c7965a00b6d3c9a6052c9f7473a27e74cfbed0a92e0be480e1128ad5b32e6a69?s=96&d=mm&r=g","contentUrl":"https:\/\/secure.gravatar.com\/avatar\/c7965a00b6d3c9a6052c9f7473a27e74cfbed0a92e0be480e1128ad5b32e6a69?s=96&d=mm&r=g","caption":"iwwa"},"sameAs":["https:\/\/redealis.com.br"]}]}},"_links":{"self":[{"href":"https:\/\/redealis.com.br\/integralis\/wp-json\/wp\/v2\/posts\/441","targetHints":{"allow":["GET"]}}],"collection":[{"href":"https:\/\/redealis.com.br\/integralis\/wp-json\/wp\/v2\/posts"}],"about":[{"href":"https:\/\/redealis.com.br\/integralis\/wp-json\/wp\/v2\/types\/post"}],"author":[{"embeddable":true,"href":"https:\/\/redealis.com.br\/integralis\/wp-json\/wp\/v2\/users\/1"}],"replies":[{"embeddable":true,"href":"https:\/\/redealis.com.br\/integralis\/wp-json\/wp\/v2\/comments?post=441"}],"version-history":[{"count":0,"href":"https:\/\/redealis.com.br\/integralis\/wp-json\/wp\/v2\/posts\/441\/revisions"}],"wp:attachment":[{"href":"https:\/\/redealis.com.br\/integralis\/wp-json\/wp\/v2\/media?parent=441"}],"wp:term":[{"taxonomy":"category","embeddable":true,"href":"https:\/\/redealis.com.br\/integralis\/wp-json\/wp\/v2\/categories?post=441"},{"taxonomy":"post_tag","embeddable":true,"href":"https:\/\/redealis.com.br\/integralis\/wp-json\/wp\/v2\/tags?post=441"}],"curies":[{"name":"wp","href":"https:\/\/api.w.org\/{rel}","templated":true}]}}